{"id":3642,"date":"2025-11-06T08:56:39","date_gmt":"2025-11-06T08:56:39","guid":{"rendered":"https:\/\/eduspektrum.pl\/?p=3642"},"modified":"2025-11-06T09:02:05","modified_gmt":"2025-11-06T09:02:05","slug":"konkurs","status":"publish","type":"post","link":"https:\/\/eduspektrum.pl\/index.php\/2025\/11\/06\/konkurs\/","title":{"rendered":"\ud83d\udce3 Konkurs na\u00a0projekt sztandaru Niepublicznej Szko\u0142y Podstawowej EduSpektrum im.\u00a0Olimpijczyk\u00f3w Polskich! \ud83c\uddf5\ud83c\uddf1"},"content":{"rendered":"\t\t<div data-elementor-type=\"wp-post\" data-elementor-id=\"3642\" class=\"elementor elementor-3642\" data-elementor-settings=\"{&quot;ha_cmc_init_switcher&quot;:&quot;no&quot;}\">\n\t\t\t\t\t\t<section class=\"elementor-section elementor-top-section elementor-element elementor-element-142d96f elementor-section-boxed elementor-section-height-default elementor-section-height-default\" data-id=\"142d96f\" data-element_type=\"section\" data-settings=\"{&quot;_ha_eqh_enable&quot;:false}\">\n\t\t\t\t\t\t<div class=\"elementor-container elementor-column-gap-default\">\n\t\t\t\t\t<div class=\"elementor-column elementor-col-100 elementor-top-column elementor-element elementor-element-ab5496e\" data-id=\"ab5496e\" data-element_type=\"column\">\n\t\t\t<div class=\"elementor-widget-wrap elementor-element-populated\">\n\t\t\t\t\t\t<div class=\"elementor-element elementor-element-7b2f8f3 elementor-widget elementor-widget-heading\" data-id=\"7b2f8f3\" data-element_type=\"widget\" data-widget_type=\"heading.default\">\n\t\t\t\t<div class=\"elementor-widget-container\">\n\t\t\t\t\t<h1 class=\"elementor-heading-title elementor-size-default\">\ud83d\udce3 Konkurs na projekt sztandaru Niepublicznej Szko\u0142y Podstawowej EduSpektrum im. Olimpijczyk\u00f3w Polskich! \ud83c\uddf5\ud83c\uddf1<\/h1>\t\t\t\t<\/div>\n\t\t\t\t<\/div>\n\t\t\t\t\t<\/div>\n\t\t<\/div>\n\t\t\t\t\t<\/div>\n\t\t<\/section>\n\t\t\t\t<section class=\"elementor-section elementor-top-section elementor-element elementor-element-2701d62 elementor-section-boxed elementor-section-height-default elementor-section-height-default\" data-id=\"2701d62\" data-element_type=\"section\" data-settings=\"{&quot;_ha_eqh_enable&quot;:false}\">\n\t\t\t\t\t\t<div class=\"elementor-container elementor-column-gap-default\">\n\t\t\t\t\t<div class=\"elementor-column elementor-col-100 elementor-top-column elementor-element elementor-element-7fa1222\" data-id=\"7fa1222\" data-element_type=\"column\">\n\t\t\t<div class=\"elementor-widget-wrap elementor-element-populated\">\n\t\t\t\t\t\t<div class=\"elementor-element elementor-element-686a4cb elementor-widget elementor-widget-text-editor\" data-id=\"686a4cb\" data-element_type=\"widget\" data-widget_type=\"text-editor.default\">\n\t\t\t\t<div class=\"elementor-widget-container\">\n\t\t\t\t\t\t\t\t\t<p>Szanowni Uczniowie, Rodzice i Nauczyciele!<\/p><p>Z wielk\u0105 rado\u015bci\u0105 og\u0142aszamy konkurs na projekt naszego szkolnego sztandaru \u2013 symbolu, kt\u00f3ry b\u0119dzie nas reprezentowa\u0142 przez lata! To wyj\u0105tkowa szansa, by zostawi\u0107 trwa\u0142y \u015blad w historii naszej szko\u0142y, a zarazem wyrazi\u0107 jej to\u017csamo\u015b\u0107 i warto\u015bci, zw\u0142aszcza zwi\u0105zane z dziedzictwem Olimpijczyk\u00f3w Polskich! \ud83d\udcaa\ud83c\udffb<\/p><p>\u2728 Jakie projekty przyjmujemy?<\/p><p>Projekty mog\u0105 by\u0107 wykonane w dw\u00f3ch formach:<\/p><p>\u2022 \ud83c\udfa8 Projekt plastyczny (tradycyjne techniki: rysunek, malarstwo, kola\u017c itp.)<\/p><p>\u2022 \ud83d\udcbb Grafika komputerowa (projekty cyfrowe)<\/p><p>\u2728 Kto mo\u017ce wzi\u0105\u0107 udzia\u0142?<\/p><p>Konkurs jest otwarty dla ca\u0142ej naszej spo\u0142eczno\u015bci szkolnej i prowadzony jest w trzech kategoriach:<\/p><p>1. Uczniowie Niepublicznej Szko\u0142y Podstawowej EduSpektrum<\/p><p>2. Nauczyciele i Pracownicy Szko\u0142y<\/p><p>3. Rodzice Uczni\u00f3w<\/p><p>\u2728 Termin i miejsce dostarczenia prac<\/p><p>Gotowe projekty nale\u017cy dostarczy\u0107 do Sekretariatu Szko\u0142y w terminie do\u00a0<\/p><p>19 grudnia 2025 roku.<\/p><p>Zach\u0119camy wszystkich \u2013 m\u0142odszych i starszych, artyst\u00f3w i amator\u00f3w \u2013 do wzi\u0119cia udzia\u0142u i zaprojektowania symbolu, z kt\u00f3rego b\u0119dziemy dumni!\u00a0<\/p><p>Czekamy na Wasz\u0105 kreatywno\u015b\u0107 i pomys\u0142owo\u015b\u0107! \u2764\ufe0f\ud83c\udfa8\u2728<\/p><p>#konkurs #eduspektrum #sztandar #symbolszkoly<\/p>\t\t\t\t\t\t\t\t<\/div>\n\t\t\t\t<\/div>\n\t\t\t\t\t<\/div>\n\t\t<\/div>\n\t\t\t\t\t<\/div>\n\t\t<\/section>\n\t\t\t\t<section class=\"elementor-section elementor-top-section elementor-element elementor-element-9cd92b9 elementor-section-boxed elementor-section-height-default elementor-section-height-default\" data-id=\"9cd92b9\" data-element_type=\"section\" data-settings=\"{&quot;_ha_eqh_enable&quot;:false}\">\n\t\t\t\t\t\t<div class=\"elementor-container elementor-column-gap-default\">\n\t\t\t\t\t<div class=\"elementor-column elementor-col-100 elementor-top-column elementor-element elementor-element-c839c54\" data-id=\"c839c54\" data-element_type=\"column\">\n\t\t\t<div class=\"elementor-widget-wrap elementor-element-populated\">\n\t\t\t\t\t\t<div class=\"elementor-element elementor-element-bb3d63d elementor-widget elementor-widget-ha-pdf-view happy-addon ha-pdf-view\" data-id=\"bb3d63d\" data-element_type=\"widget\" data-widget_type=\"ha-pdf-view.default\">\n\t\t\t\t<div class=\"elementor-widget-container\">\n\t\t\t\t\t        <div class=\"pdf_viewer_container\">\n            <div class=\"pdf_viewer_options viewer-bb3d63d\" data-pdf-settings=\"{&quot;unique_id&quot;:&quot;viewer-bb3d63d&quot;,&quot;pdf_url&quot;:&quot;https:\\\/\\\/drive.google.com\\\/file\\\/d\\\/1yo3i32DZJFsw_4fAg_5sXXfWrOULESIC\\\/view?usp=sharing&quot;,&quot;file_type&quot;:&quot;url&quot;,&quot;page_number&quot;:&quot;1&quot;,&quot;width&quot;:&quot;100%&quot;,&quot;height&quot;:&quot;0px&quot;}\">\n\t\t\t\t<span class=\"ha-title-flex\">\n\t\t\t\t\t<span class=\"pdf-icon\">\n\t\t\t\t\t\t\t\t\t\t\t<\/span>\n\t\t\t\t\t<h2 class=\"ha-pdf-title\">Regulamin konkursu<\/h2>\t\t\t\t<\/span>\n\t\t\t\t                <div class=\"pdf-button\">\n                <a href=\"https:\/\/drive.google.com\/file\/d\/1yo3i32DZJFsw_4fAg_5sXXfWrOULESIC\/view?usp=sharing\" class=\"ha-btn\" download title=\"Regulamin konkursu\">Download<\/a>                <\/div>\n            <\/div>\n\n\t\t\t<div>\n\t\t\t\t<div id=\"viewer-bb3d63d\"><\/div>\n\t\t\t<\/div>\n\n        <\/div>\n        \t\t\t\t<\/div>\n\t\t\t\t<\/div>\n\t\t\t\t\t<\/div>\n\t\t<\/div>\n\t\t\t\t\t<\/div>\n\t\t<\/section>\n\t\t\t\t<section class=\"elementor-section elementor-top-section elementor-element elementor-element-2a1ecde elementor-section-boxed elementor-section-height-default elementor-section-height-default\" data-id=\"2a1ecde\" data-element_type=\"section\" data-settings=\"{&quot;_ha_eqh_enable&quot;:false}\">\n\t\t\t\t\t\t<div class=\"elementor-container elementor-column-gap-default\">\n\t\t\t\t\t<div class=\"elementor-column elementor-col-100 elementor-top-column elementor-element elementor-element-d8778aa\" data-id=\"d8778aa\" data-element_type=\"column\">\n\t\t\t<div class=\"elementor-widget-wrap elementor-element-populated\">\n\t\t\t\t\t\t<div class=\"elementor-element elementor-element-e4982f2 elementor-widget elementor-widget-image\" data-id=\"e4982f2\" data-element_type=\"widget\" data-widget_type=\"image.default\">\n\t\t\t\t<div class=\"elementor-widget-container\">\n\t\t\t\t\t\t\t\t\t\t\t\t\t\t\t<img fetchpriority=\"high\" decoding=\"async\" width=\"768\" height=\"1086\" src=\"https:\/\/eduspektrum.pl\/wp-content\/uploads\/2025\/11\/Konkurs-na-projekt-sztandaru-1-768x1086.png\" class=\"attachment-medium_large size-medium_large wp-image-3635\" alt=\"\" srcset=\"https:\/\/eduspektrum.pl\/wp-content\/uploads\/2025\/11\/Konkurs-na-projekt-sztandaru-1-768x1086.png 768w, https:\/\/eduspektrum.pl\/wp-content\/uploads\/2025\/11\/Konkurs-na-projekt-sztandaru-1-212x300.png 212w, https:\/\/eduspektrum.pl\/wp-content\/uploads\/2025\/11\/Konkurs-na-projekt-sztandaru-1-724x1024.png 724w, https:\/\/eduspektrum.pl\/wp-content\/uploads\/2025\/11\/Konkurs-na-projekt-sztandaru-1-1086x1536.png 1086w, https:\/\/eduspektrum.pl\/wp-content\/uploads\/2025\/11\/Konkurs-na-projekt-sztandaru-1-600x849.png 600w, https:\/\/eduspektrum.pl\/wp-content\/uploads\/2025\/11\/Konkurs-na-projekt-sztandaru-1.png 1414w\" sizes=\"(max-width: 768px) 100vw, 768px\" \/>\t\t\t\t\t\t\t\t\t\t\t\t\t\t\t<\/div>\n\t\t\t\t<\/div>\n\t\t\t\t\t<\/div>\n\t\t<\/div>\n\t\t\t\t\t<\/div>\n\t\t<\/section>\n\t\t\t\t<\/div>\n\t\t","protected":false},"excerpt":{"rendered":"<p>\ud83d\udce3 Konkurs na projekt sztandaru Niepublicznej Szko\u0142y Podstawowej EduSpektrum im. Olimpijczyk\u00f3w Polskich! \ud83c\uddf5\ud83c\uddf1 Szanowni Uczniowie, Rodzice i Nauczyciele! Z wielk\u0105 rado\u015bci\u0105 og\u0142aszamy konkurs na projekt naszego szkolnego sztandaru \u2013 symbolu, kt\u00f3ry b\u0119dzie nas reprezentowa\u0142 przez lata! To wyj\u0105tkowa szansa, by zostawi\u0107 trwa\u0142y \u015blad w historii naszej szko\u0142y, a zarazem wyrazi\u0107 jej to\u017csamo\u015b\u0107 i warto\u015bci, zw\u0142aszcza [&hellip;]<\/p>\n","protected":false},"author":1,"featured_media":0,"comment_status":"closed","ping_status":"open","sticky":false,"template":"elementor_header_footer","format":"standard","meta":{"footnotes":""},"categories":[19],"tags":[],"class_list":["post-3642","post","type-post","status-publish","format-standard","hentry","category-aktualnosci"],"_links":{"self":[{"href":"https:\/\/eduspektrum.pl\/index.php\/wp-json\/wp\/v2\/posts\/3642","targetHints":{"allow":["GET"]}}],"collection":[{"href":"https:\/\/eduspektrum.pl\/index.php\/wp-json\/wp\/v2\/posts"}],"about":[{"href":"https:\/\/eduspektrum.pl\/index.php\/wp-json\/wp\/v2\/types\/post"}],"author":[{"embeddable":true,"href":"https:\/\/eduspektrum.pl\/index.php\/wp-json\/wp\/v2\/users\/1"}],"replies":[{"embeddable":true,"href":"https:\/\/eduspektrum.pl\/index.php\/wp-json\/wp\/v2\/comments?post=3642"}],"version-history":[{"count":23,"href":"https:\/\/eduspektrum.pl\/index.php\/wp-json\/wp\/v2\/posts\/3642\/revisions"}],"predecessor-version":[{"id":3665,"href":"https:\/\/eduspektrum.pl\/index.php\/wp-json\/wp\/v2\/posts\/3642\/revisions\/3665"}],"wp:attachment":[{"href":"https:\/\/eduspektrum.pl\/index.php\/wp-json\/wp\/v2\/media?parent=3642"}],"wp:term":[{"taxonomy":"category","embeddable":true,"href":"https:\/\/eduspektrum.pl\/index.php\/wp-json\/wp\/v2\/categories?post=3642"},{"taxonomy":"post_tag","embeddable":true,"href":"https:\/\/eduspektrum.pl\/index.php\/wp-json\/wp\/v2\/tags?post=3642"}],"curies":[{"name":"wp","href":"https:\/\/api.w.org\/{rel}","templated":true}]}}