{"id":3703,"date":"2025-11-17T09:31:18","date_gmt":"2025-11-17T09:31:18","guid":{"rendered":"https:\/\/eduspektrum.pl\/?p=3703"},"modified":"2025-11-17T09:38:08","modified_gmt":"2025-11-17T09:38:08","slug":"zawody-2","status":"publish","type":"post","link":"https:\/\/eduspektrum.pl\/index.php\/2025\/11\/17\/zawody-2\/","title":{"rendered":"Zawody!"},"content":{"rendered":"\t\t<div data-elementor-type=\"wp-post\" data-elementor-id=\"3703\" class=\"elementor elementor-3703\" data-elementor-settings=\"{&quot;ha_cmc_init_switcher&quot;:&quot;no&quot;}\">\n\t\t\t\t\t\t<section class=\"elementor-section elementor-top-section elementor-element elementor-element-bf47961 elementor-section-boxed elementor-section-height-default elementor-section-height-default\" data-id=\"bf47961\" data-element_type=\"section\" data-settings=\"{&quot;_ha_eqh_enable&quot;:false}\">\n\t\t\t\t\t\t<div class=\"elementor-container elementor-column-gap-default\">\n\t\t\t\t\t<div class=\"elementor-column elementor-col-100 elementor-top-column elementor-element elementor-element-0868afd\" data-id=\"0868afd\" data-element_type=\"column\">\n\t\t\t<div class=\"elementor-widget-wrap elementor-element-populated\">\n\t\t\t\t\t\t<div class=\"elementor-element elementor-element-717689c elementor-widget elementor-widget-text-editor\" data-id=\"717689c\" data-element_type=\"widget\" data-widget_type=\"text-editor.default\">\n\t\t\t\t<div class=\"elementor-widget-container\">\n\t\t\t\t\t\t\t\t\t<p>Z A W O D Y<br \/>Ogromne gratulacje dla naszej szkolnej reprezentacji ch\u0142opc\u00f3w za fantastyczny wyst\u0119p<br \/>w Finale Zawod\u00f3w Powiatowych w ramach Mazowieckich Igrzysk M\u0142odzie\u017cy w<br \/>Badmintonie!<br \/>Zawody odby\u0142y si\u0119 na naszej hali sportowej, co by\u0142o dla nas dodatkowym zaszczytem!<\/p><p>Nasi sportowcy po niezwykle zaci\u0119tej i emocjonuj\u0105cej walce zaj\u0119li znakomite II<br \/>MIEJSCE w powiecie!<br \/>Ch\u0142opcy pokazali nie tylko doskona\u0142e umiej\u0119tno\u015bci, ale przede wszystkim niesamowitego<br \/>ducha walki, zaanga\u017cowanie i prawdziwy sportowy hart!<br \/>Dzi\u0119kujemy za godne reprezentowanie naszej szko\u0142y! \u017byczymy dalszych sukces\u00f3w!<br \/>#Eduspektrum #Badminton #SportSzkolny #Wicemistrzowie #szko\u0142apodsatwowa<br \/>#legionowo_official #powiatlegionowski<\/p>\t\t\t\t\t\t\t\t<\/div>\n\t\t\t\t<\/div>\n\t\t\t\t\t<\/div>\n\t\t<\/div>\n\t\t\t\t\t<\/div>\n\t\t<\/section>\n\t\t\t\t<section class=\"elementor-section elementor-top-section elementor-element elementor-element-0b01f5f elementor-section-boxed elementor-section-height-default elementor-section-height-default\" data-id=\"0b01f5f\" data-element_type=\"section\" data-settings=\"{&quot;_ha_eqh_enable&quot;:false}\">\n\t\t\t\t\t\t<div class=\"elementor-container elementor-column-gap-default\">\n\t\t\t\t\t<div class=\"elementor-column elementor-col-100 elementor-top-column elementor-element elementor-element-bdd3fdd\" data-id=\"bdd3fdd\" data-element_type=\"column\">\n\t\t\t<div class=\"elementor-widget-wrap elementor-element-populated\">\n\t\t\t\t\t\t<div class=\"elementor-element elementor-element-8c28ff7 elementor-widget elementor-widget-image\" data-id=\"8c28ff7\" data-element_type=\"widget\" data-widget_type=\"image.default\">\n\t\t\t\t<div class=\"elementor-widget-container\">\n\t\t\t\t\t\t\t\t\t\t\t\t\t\t\t<img fetchpriority=\"high\" decoding=\"async\" width=\"768\" height=\"767\" src=\"https:\/\/eduspektrum.pl\/wp-content\/uploads\/2025\/11\/zawody-768x767.jpg\" class=\"attachment-medium_large size-medium_large wp-image-3705\" alt=\"\" srcset=\"https:\/\/eduspektrum.pl\/wp-content\/uploads\/2025\/11\/zawody-768x767.jpg 768w, https:\/\/eduspektrum.pl\/wp-content\/uploads\/2025\/11\/zawody-300x300.jpg 300w, https:\/\/eduspektrum.pl\/wp-content\/uploads\/2025\/11\/zawody-1024x1024.jpg 1024w, https:\/\/eduspektrum.pl\/wp-content\/uploads\/2025\/11\/zawody-150x150.jpg 150w, https:\/\/eduspektrum.pl\/wp-content\/uploads\/2025\/11\/zawody-600x600.jpg 600w, https:\/\/eduspektrum.pl\/wp-content\/uploads\/2025\/11\/zawody-100x100.jpg 100w, https:\/\/eduspektrum.pl\/wp-content\/uploads\/2025\/11\/zawody.jpg 1440w\" sizes=\"(max-width: 768px) 100vw, 768px\" \/>\t\t\t\t\t\t\t\t\t\t\t\t\t\t\t<\/div>\n\t\t\t\t<\/div>\n\t\t\t\t\t<\/div>\n\t\t<\/div>\n\t\t\t\t\t<\/div>\n\t\t<\/section>\n\t\t\t\t<\/div>\n\t\t","protected":false},"excerpt":{"rendered":"<p>Z A W O D YOgromne gratulacje dla naszej szkolnej reprezentacji ch\u0142opc\u00f3w za fantastyczny wyst\u0119pw Finale Zawod\u00f3w Powiatowych w ramach Mazowieckich Igrzysk M\u0142odzie\u017cy wBadmintonie!Zawody odby\u0142y si\u0119 na naszej hali sportowej, co by\u0142o dla nas dodatkowym zaszczytem! Nasi sportowcy po niezwykle zaci\u0119tej i emocjonuj\u0105cej walce zaj\u0119li znakomite IIMIEJSCE w powiecie!Ch\u0142opcy pokazali nie tylko doskona\u0142e umiej\u0119tno\u015bci, ale [&hellip;]<\/p>\n","protected":false},"author":1,"featured_media":0,"comment_status":"closed","ping_status":"open","sticky":false,"template":"elementor_header_footer","format":"standard","meta":{"footnotes":""},"categories":[1],"tags":[],"class_list":["post-3703","post","type-post","status-publish","format-standard","hentry","category-kadra"],"_links":{"self":[{"href":"https:\/\/eduspektrum.pl\/index.php\/wp-json\/wp\/v2\/posts\/3703","targetHints":{"allow":["GET"]}}],"collection":[{"href":"https:\/\/eduspektrum.pl\/index.php\/wp-json\/wp\/v2\/posts"}],"about":[{"href":"https:\/\/eduspektrum.pl\/index.php\/wp-json\/wp\/v2\/types\/post"}],"author":[{"embeddable":true,"href":"https:\/\/eduspektrum.pl\/index.php\/wp-json\/wp\/v2\/users\/1"}],"replies":[{"embeddable":true,"href":"https:\/\/eduspektrum.pl\/index.php\/wp-json\/wp\/v2\/comments?post=3703"}],"version-history":[{"count":4,"href":"https:\/\/eduspektrum.pl\/index.php\/wp-json\/wp\/v2\/posts\/3703\/revisions"}],"predecessor-version":[{"id":3708,"href":"https:\/\/eduspektrum.pl\/index.php\/wp-json\/wp\/v2\/posts\/3703\/revisions\/3708"}],"wp:attachment":[{"href":"https:\/\/eduspektrum.pl\/index.php\/wp-json\/wp\/v2\/media?parent=3703"}],"wp:term":[{"taxonomy":"category","embeddable":true,"href":"https:\/\/eduspektrum.pl\/index.php\/wp-json\/wp\/v2\/categories?post=3703"},{"taxonomy":"post_tag","embeddable":true,"href":"https:\/\/eduspektrum.pl\/index.php\/wp-json\/wp\/v2\/tags?post=3703"}],"curies":[{"name":"wp","href":"https:\/\/api.w.org\/{rel}","templated":true}]}}