{"id":3825,"date":"2025-12-02T14:07:13","date_gmt":"2025-12-02T14:07:13","guid":{"rendered":"https:\/\/eduspektrum.pl\/?p=3825"},"modified":"2025-12-02T14:08:43","modified_gmt":"2025-12-02T14:08:43","slug":"wigilia-w-edu-spektrum","status":"publish","type":"post","link":"https:\/\/eduspektrum.pl\/index.php\/2025\/12\/02\/wigilia-w-edu-spektrum\/","title":{"rendered":"Wigilia w Edu Spektrum!"},"content":{"rendered":"\t\t<div data-elementor-type=\"wp-post\" data-elementor-id=\"3825\" class=\"elementor elementor-3825\" data-elementor-settings=\"{&quot;ha_cmc_init_switcher&quot;:&quot;no&quot;}\">\n\t\t\t\t\t\t<section class=\"elementor-section elementor-top-section elementor-element elementor-element-f1e4386 elementor-section-boxed elementor-section-height-default elementor-section-height-default\" data-id=\"f1e4386\" data-element_type=\"section\" data-settings=\"{&quot;_ha_eqh_enable&quot;:false}\">\n\t\t\t\t\t\t<div class=\"elementor-container elementor-column-gap-default\">\n\t\t\t\t\t<div class=\"elementor-column elementor-col-100 elementor-top-column elementor-element elementor-element-47c2e92\" data-id=\"47c2e92\" data-element_type=\"column\">\n\t\t\t<div class=\"elementor-widget-wrap elementor-element-populated\">\n\t\t\t\t\t\t<div class=\"elementor-element elementor-element-8d968e5 elementor-widget elementor-widget-text-editor\" data-id=\"8d968e5\" data-element_type=\"widget\" data-widget_type=\"text-editor.default\">\n\t\t\t\t<div class=\"elementor-widget-container\">\n\t\t\t\t\t\t\t\t\t<div><p>\u2728 Wigilia w EduSpektrum! \u2728<\/p>\n<p>Drodzy Uczniowie, Rodzice, Nauczyciele i Pracownicy Szko\u0142y EduSpektrum!<\/p>\n<p>Z rado\u015bci\u0105 chcieliby\u015bmy zaprosi\u0107 ca\u0142\u0105 nasz\u0105 spo\u0142eczno\u015b\u0107 szkoln\u0105 na wyj\u0105tkowy i magiczny czas \u2013 Wigili\u0119 Szkoln\u0105!<\/p>\n<p>To idealna okazja, by w \u015bwi\u0105tecznej atmosferze, przy blasku choinki i d\u017awi\u0119ku kol\u0119d, spotka\u0107 si\u0119, z\u0142o\u017cy\u0107 sobie \u017cyczenia i poczu\u0107 prawdziwego ducha Bo\u017cego Narodzenia. B\u0119dziemy wsp\u00f3lnie \u0142ama\u0107 si\u0119 op\u0142atkiem i cieszy\u0107 si\u0119 ciep\u0142em tych nadchodz\u0105cych \u015awi\u0105t. \ud83c\udf84\ud83c\udf1f<\/p>\n<p>\ud83d\uddd3 Kiedy i Gdzie?<br>\u2022 Data: 10 grudnia<br>\u2022 Godzina: 17:00<br>\u2022 Miejsce: Budynek Szko\u0142y EduSpektrum<\/p>\n<p>\u2728 Co na Was czeka?<br>\u2022 Tradycyjne kol\u0119dowanie i jase\u0142ka<br>\u2022 Wsp\u00f3lne \u0142amanie si\u0119 op\u0142atkiem<br>\u2022 Przyjemna, rodzinna atmosfera<br><br>Wasza obecno\u015b\u0107 sprawi nam ogromn\u0105 rado\u015b\u0107 i uczyni to spotkanie jeszcze bardziej wyj\u0105tkowym!<\/p>\n<p>Do zobaczenia 10 grudnia! \ud83c\udf81<\/p>\n<p>#EduSpektrum #WigiliaSzkolna #Bo\u017ceNarodzenie #Spotkanie\u015awi\u0105teczne #Spo\u0142eczno\u015b\u0107Szkolna<\/p><\/div>\t\t\t\t\t\t\t\t<\/div>\n\t\t\t\t<\/div>\n\t\t\t\t\t<\/div>\n\t\t<\/div>\n\t\t\t\t\t<\/div>\n\t\t<\/section>\n\t\t\t\t<section class=\"elementor-section elementor-top-section elementor-element elementor-element-52e540f elementor-section-boxed elementor-section-height-default elementor-section-height-default\" data-id=\"52e540f\" data-element_type=\"section\" data-settings=\"{&quot;_ha_eqh_enable&quot;:false}\">\n\t\t\t\t\t\t<div class=\"elementor-container elementor-column-gap-default\">\n\t\t\t\t\t<div class=\"elementor-column elementor-col-100 elementor-top-column elementor-element elementor-element-7318a55\" data-id=\"7318a55\" data-element_type=\"column\">\n\t\t\t<div class=\"elementor-widget-wrap elementor-element-populated\">\n\t\t\t\t\t\t<div class=\"elementor-element elementor-element-c677385 elementor-widget elementor-widget-image\" data-id=\"c677385\" data-element_type=\"widget\" data-widget_type=\"image.default\">\n\t\t\t\t<div class=\"elementor-widget-container\">\n\t\t\t\t\t\t\t\t\t\t\t\t\t\t\t<img fetchpriority=\"high\" decoding=\"async\" width=\"768\" height=\"1086\" src=\"https:\/\/eduspektrum.pl\/wp-content\/uploads\/2025\/12\/Red-and-Green-Illustrative-Christmas-Party-Poster-768x1086.jpg\" class=\"attachment-medium_large size-medium_large wp-image-3826\" alt=\"\" srcset=\"https:\/\/eduspektrum.pl\/wp-content\/uploads\/2025\/12\/Red-and-Green-Illustrative-Christmas-Party-Poster-768x1086.jpg 768w, https:\/\/eduspektrum.pl\/wp-content\/uploads\/2025\/12\/Red-and-Green-Illustrative-Christmas-Party-Poster-212x300.jpg 212w, https:\/\/eduspektrum.pl\/wp-content\/uploads\/2025\/12\/Red-and-Green-Illustrative-Christmas-Party-Poster-724x1024.jpg 724w, https:\/\/eduspektrum.pl\/wp-content\/uploads\/2025\/12\/Red-and-Green-Illustrative-Christmas-Party-Poster-1087x1536.jpg 1087w, https:\/\/eduspektrum.pl\/wp-content\/uploads\/2025\/12\/Red-and-Green-Illustrative-Christmas-Party-Poster-600x848.jpg 600w, https:\/\/eduspektrum.pl\/wp-content\/uploads\/2025\/12\/Red-and-Green-Illustrative-Christmas-Party-Poster.jpg 1415w\" sizes=\"(max-width: 768px) 100vw, 768px\" \/>\t\t\t\t\t\t\t\t\t\t\t\t\t\t\t<\/div>\n\t\t\t\t<\/div>\n\t\t\t\t\t<\/div>\n\t\t<\/div>\n\t\t\t\t\t<\/div>\n\t\t<\/section>\n\t\t\t\t<\/div>\n\t\t","protected":false},"excerpt":{"rendered":"<p>\u2728 Wigilia w EduSpektrum! \u2728 Drodzy Uczniowie, Rodzice, Nauczyciele i Pracownicy Szko\u0142y EduSpektrum! Z rado\u015bci\u0105 chcieliby\u015bmy zaprosi\u0107 ca\u0142\u0105 nasz\u0105 spo\u0142eczno\u015b\u0107 szkoln\u0105 na wyj\u0105tkowy i magiczny czas \u2013 Wigili\u0119 Szkoln\u0105! To idealna okazja, by w \u015bwi\u0105tecznej atmosferze, przy blasku choinki i d\u017awi\u0119ku kol\u0119d, spotka\u0107 si\u0119, z\u0142o\u017cy\u0107 sobie \u017cyczenia i poczu\u0107 prawdziwego ducha Bo\u017cego Narodzenia. B\u0119dziemy wsp\u00f3lnie [&hellip;]<\/p>\n","protected":false},"author":1,"featured_media":0,"comment_status":"closed","ping_status":"open","sticky":false,"template":"","format":"standard","meta":{"footnotes":""},"categories":[1],"tags":[],"class_list":["post-3825","post","type-post","status-publish","format-standard","hentry","category-kadra"],"_links":{"self":[{"href":"https:\/\/eduspektrum.pl\/index.php\/wp-json\/wp\/v2\/posts\/3825","targetHints":{"allow":["GET"]}}],"collection":[{"href":"https:\/\/eduspektrum.pl\/index.php\/wp-json\/wp\/v2\/posts"}],"about":[{"href":"https:\/\/eduspektrum.pl\/index.php\/wp-json\/wp\/v2\/types\/post"}],"author":[{"embeddable":true,"href":"https:\/\/eduspektrum.pl\/index.php\/wp-json\/wp\/v2\/users\/1"}],"replies":[{"embeddable":true,"href":"https:\/\/eduspektrum.pl\/index.php\/wp-json\/wp\/v2\/comments?post=3825"}],"version-history":[{"count":3,"href":"https:\/\/eduspektrum.pl\/index.php\/wp-json\/wp\/v2\/posts\/3825\/revisions"}],"predecessor-version":[{"id":3829,"href":"https:\/\/eduspektrum.pl\/index.php\/wp-json\/wp\/v2\/posts\/3825\/revisions\/3829"}],"wp:attachment":[{"href":"https:\/\/eduspektrum.pl\/index.php\/wp-json\/wp\/v2\/media?parent=3825"}],"wp:term":[{"taxonomy":"category","embeddable":true,"href":"https:\/\/eduspektrum.pl\/index.php\/wp-json\/wp\/v2\/categories?post=3825"},{"taxonomy":"post_tag","embeddable":true,"href":"https:\/\/eduspektrum.pl\/index.php\/wp-json\/wp\/v2\/tags?post=3825"}],"curies":[{"name":"wp","href":"https:\/\/api.w.org\/{rel}","templated":true}]}}