{"id":3843,"date":"2025-11-27T14:51:23","date_gmt":"2025-11-27T14:51:23","guid":{"rendered":"https:\/\/eduspektrum.pl\/?p=3843"},"modified":"2025-12-02T14:59:25","modified_gmt":"2025-12-02T14:59:25","slug":"zawody-3","status":"publish","type":"post","link":"https:\/\/eduspektrum.pl\/index.php\/2025\/11\/27\/zawody-3\/","title":{"rendered":"Zawody!"},"content":{"rendered":"\t\t<div data-elementor-type=\"wp-post\" data-elementor-id=\"3843\" class=\"elementor elementor-3843\" data-elementor-settings=\"{&quot;ha_cmc_init_switcher&quot;:&quot;no&quot;}\">\n\t\t\t\t\t\t<section class=\"elementor-section elementor-top-section elementor-element elementor-element-68516e4 elementor-section-boxed elementor-section-height-default elementor-section-height-default\" data-id=\"68516e4\" data-element_type=\"section\" data-settings=\"{&quot;_ha_eqh_enable&quot;:false}\">\n\t\t\t\t\t\t<div class=\"elementor-container elementor-column-gap-default\">\n\t\t\t\t\t<div class=\"elementor-column elementor-col-100 elementor-top-column elementor-element elementor-element-68c710d\" data-id=\"68c710d\" data-element_type=\"column\">\n\t\t\t<div class=\"elementor-widget-wrap elementor-element-populated\">\n\t\t\t\t\t\t<div class=\"elementor-element elementor-element-872991f elementor-widget elementor-widget-text-editor\" data-id=\"872991f\" data-element_type=\"widget\" data-widget_type=\"text-editor.default\">\n\t\t\t\t<div class=\"elementor-widget-container\">\n\t\t\t\t\t\t\t\t\t<p><span style=\"font-weight: 400;\"> Z A W O D Y <\/span><\/p><p><span style=\"font-weight: 400;\">Dzi\u015b (27 listopada) odby\u0142y si\u0119 szkolne zawody miejskie w koszyk\u00f3wk\u0119 dziewcz\u0105t klas sz\u00f3stych! <\/span><\/p><p><span style=\"font-weight: 400;\">Los sprawi\u0142, \u017ce rywalizacj\u0119 zaczynamy w trudnej grupie, a po zaci\u0119tym fina\u0142owym meczu WYGRYWAMY ZAWODY! <\/span><\/p><p><span style=\"font-weight: 400;\">EDUSPEKTRUM NA PIERWSZYM MIEJSCU W LEGIONOWIE !!! <\/span><\/p><p><span style=\"font-weight: 400;\">Dziewczyny z dum\u0105 odebra\u0142y upragnione medale, dyplom i puchar, a tym samym awansowa\u0142y do zawod\u00f3w powiatowych, kt\u00f3re odb\u0119d\u0105 sie w grudniu w Chotomowie.<\/span><\/p><p><span style=\"font-weight: 400;\">Gratulacje dla Oli, Rozalii, Gabrysi, Ani, Julki, Mai, Lidki, Kai, Martyny, Oliwii oraz dla Rodzic\u00f3w dziewczyn! <\/span><\/p><p><a href=\"https:\/\/www.facebook.com\/hashtag\/eduspektrum?__eep__=6&amp;__cft__[0]=AZUmZ7cGguKZ5lBUpIe88GsPbIubkvwI4wBG_GTrKC3QQBs634sHptPDvdvtyYnj5OOFpwn4kwLtMK1WyHcxHG8Qs_LENgVoRuXpKOXa0HPhH2K99a-S9Zd5yPa9Azel5reqPSlP2X2UvZ6Vo23IhnaJpdLTSwiYKAMrD005OSUONz87EaHW7sqgH6W_3R6pGE0&amp;__tn__=*NK-R\"><span style=\"font-weight: 400;\">#eduspektrum<\/span><\/a><a href=\"https:\/\/www.facebook.com\/hashtag\/zawodysportowe?__eep__=6&amp;__cft__[0]=AZUmZ7cGguKZ5lBUpIe88GsPbIubkvwI4wBG_GTrKC3QQBs634sHptPDvdvtyYnj5OOFpwn4kwLtMK1WyHcxHG8Qs_LENgVoRuXpKOXa0HPhH2K99a-S9Zd5yPa9Azel5reqPSlP2X2UvZ6Vo23IhnaJpdLTSwiYKAMrD005OSUONz87EaHW7sqgH6W_3R6pGE0&amp;__tn__=*NK-R\"> <span style=\"font-weight: 400;\">#zawodysportowe<\/span><\/a><a href=\"https:\/\/www.facebook.com\/hashtag\/koszykowka?__eep__=6&amp;__cft__[0]=AZUmZ7cGguKZ5lBUpIe88GsPbIubkvwI4wBG_GTrKC3QQBs634sHptPDvdvtyYnj5OOFpwn4kwLtMK1WyHcxHG8Qs_LENgVoRuXpKOXa0HPhH2K99a-S9Zd5yPa9Azel5reqPSlP2X2UvZ6Vo23IhnaJpdLTSwiYKAMrD005OSUONz87EaHW7sqgH6W_3R6pGE0&amp;__tn__=*NK-R\"> <span style=\"font-weight: 400;\">#koszykowka<\/span><\/a><a href=\"https:\/\/www.facebook.com\/hashtag\/powiatlegionowski?__eep__=6&amp;__cft__[0]=AZUmZ7cGguKZ5lBUpIe88GsPbIubkvwI4wBG_GTrKC3QQBs634sHptPDvdvtyYnj5OOFpwn4kwLtMK1WyHcxHG8Qs_LENgVoRuXpKOXa0HPhH2K99a-S9Zd5yPa9Azel5reqPSlP2X2UvZ6Vo23IhnaJpdLTSwiYKAMrD005OSUONz87EaHW7sqgH6W_3R6pGE0&amp;__tn__=*NK-R\"> <span style=\"font-weight: 400;\">#powiatlegionowski<\/span><\/a><span style=\"font-weight: 400;\"> #2025<\/span><\/p><p><br \/><br \/><\/p>\t\t\t\t\t\t\t\t<\/div>\n\t\t\t\t<\/div>\n\t\t\t\t\t<\/div>\n\t\t<\/div>\n\t\t\t\t\t<\/div>\n\t\t<\/section>\n\t\t\t\t<section class=\"elementor-section elementor-top-section elementor-element elementor-element-e021598 elementor-section-boxed elementor-section-height-default elementor-section-height-default\" data-id=\"e021598\" data-element_type=\"section\" data-settings=\"{&quot;_ha_eqh_enable&quot;:false}\">\n\t\t\t\t\t\t<div class=\"elementor-container elementor-column-gap-default\">\n\t\t\t\t\t<div class=\"elementor-column elementor-col-100 elementor-top-column elementor-element elementor-element-b573258\" data-id=\"b573258\" data-element_type=\"column\">\n\t\t\t<div class=\"elementor-widget-wrap elementor-element-populated\">\n\t\t\t\t\t\t<div class=\"elementor-element elementor-element-0a038c2 elementor-widget elementor-widget-image\" data-id=\"0a038c2\" data-element_type=\"widget\" data-widget_type=\"image.default\">\n\t\t\t\t<div class=\"elementor-widget-container\">\n\t\t\t\t\t\t\t\t\t\t\t\t\t\t\t<img fetchpriority=\"high\" decoding=\"async\" width=\"800\" height=\"450\" src=\"https:\/\/eduspektrum.pl\/wp-content\/uploads\/2025\/12\/589006928_18033450656717594_3858604514485752053_n-1024x576.jpg\" class=\"attachment-large size-large wp-image-3845\" alt=\"\" srcset=\"https:\/\/eduspektrum.pl\/wp-content\/uploads\/2025\/12\/589006928_18033450656717594_3858604514485752053_n-1024x576.jpg 1024w, https:\/\/eduspektrum.pl\/wp-content\/uploads\/2025\/12\/589006928_18033450656717594_3858604514485752053_n-300x169.jpg 300w, https:\/\/eduspektrum.pl\/wp-content\/uploads\/2025\/12\/589006928_18033450656717594_3858604514485752053_n-768x432.jpg 768w, https:\/\/eduspektrum.pl\/wp-content\/uploads\/2025\/12\/589006928_18033450656717594_3858604514485752053_n-600x338.jpg 600w, https:\/\/eduspektrum.pl\/wp-content\/uploads\/2025\/12\/589006928_18033450656717594_3858604514485752053_n.jpg 1125w\" sizes=\"(max-width: 800px) 100vw, 800px\" \/>\t\t\t\t\t\t\t\t\t\t\t\t\t\t\t<\/div>\n\t\t\t\t<\/div>\n\t\t\t\t\t<\/div>\n\t\t<\/div>\n\t\t\t\t\t<\/div>\n\t\t<\/section>\n\t\t\t\t<\/div>\n\t\t","protected":false},"excerpt":{"rendered":"<p>Z A W O D Y Dzi\u015b (27 listopada) odby\u0142y si\u0119 szkolne zawody miejskie w koszyk\u00f3wk\u0119 dziewcz\u0105t klas sz\u00f3stych! Los sprawi\u0142, \u017ce rywalizacj\u0119 zaczynamy w trudnej grupie, a po zaci\u0119tym fina\u0142owym meczu WYGRYWAMY ZAWODY! EDUSPEKTRUM NA PIERWSZYM MIEJSCU W LEGIONOWIE !!! Dziewczyny z dum\u0105 odebra\u0142y upragnione medale, dyplom i puchar, a tym samym awansowa\u0142y do [&hellip;]<\/p>\n","protected":false},"author":1,"featured_media":0,"comment_status":"closed","ping_status":"open","sticky":false,"template":"elementor_header_footer","format":"standard","meta":{"footnotes":""},"categories":[1],"tags":[],"class_list":["post-3843","post","type-post","status-publish","format-standard","hentry","category-kadra"],"_links":{"self":[{"href":"https:\/\/eduspektrum.pl\/index.php\/wp-json\/wp\/v2\/posts\/3843","targetHints":{"allow":["GET"]}}],"collection":[{"href":"https:\/\/eduspektrum.pl\/index.php\/wp-json\/wp\/v2\/posts"}],"about":[{"href":"https:\/\/eduspektrum.pl\/index.php\/wp-json\/wp\/v2\/types\/post"}],"author":[{"embeddable":true,"href":"https:\/\/eduspektrum.pl\/index.php\/wp-json\/wp\/v2\/users\/1"}],"replies":[{"embeddable":true,"href":"https:\/\/eduspektrum.pl\/index.php\/wp-json\/wp\/v2\/comments?post=3843"}],"version-history":[{"count":4,"href":"https:\/\/eduspektrum.pl\/index.php\/wp-json\/wp\/v2\/posts\/3843\/revisions"}],"predecessor-version":[{"id":3848,"href":"https:\/\/eduspektrum.pl\/index.php\/wp-json\/wp\/v2\/posts\/3843\/revisions\/3848"}],"wp:attachment":[{"href":"https:\/\/eduspektrum.pl\/index.php\/wp-json\/wp\/v2\/media?parent=3843"}],"wp:term":[{"taxonomy":"category","embeddable":true,"href":"https:\/\/eduspektrum.pl\/index.php\/wp-json\/wp\/v2\/categories?post=3843"},{"taxonomy":"post_tag","embeddable":true,"href":"https:\/\/eduspektrum.pl\/index.php\/wp-json\/wp\/v2\/tags?post=3843"}],"curies":[{"name":"wp","href":"https:\/\/api.w.org\/{rel}","templated":true}]}}