{"id":3855,"date":"2025-12-02T15:02:48","date_gmt":"2025-12-02T15:02:48","guid":{"rendered":"https:\/\/eduspektrum.pl\/?p=3855"},"modified":"2025-12-02T15:03:56","modified_gmt":"2025-12-02T15:03:56","slug":"iii-forum-wspolpracy-miedzysektorowej","status":"publish","type":"post","link":"https:\/\/eduspektrum.pl\/index.php\/2025\/12\/02\/iii-forum-wspolpracy-miedzysektorowej\/","title":{"rendered":"III Forum Wsp\u00f3\u0142pracy Mi\u0119dzysektorowej!"},"content":{"rendered":"\t\t<div data-elementor-type=\"wp-post\" data-elementor-id=\"3855\" class=\"elementor elementor-3855\" data-elementor-settings=\"{&quot;ha_cmc_init_switcher&quot;:&quot;no&quot;}\">\n\t\t\t\t\t\t<section class=\"elementor-section elementor-top-section elementor-element elementor-element-0318216 elementor-section-boxed elementor-section-height-default elementor-section-height-default\" data-id=\"0318216\" data-element_type=\"section\" data-settings=\"{&quot;_ha_eqh_enable&quot;:false}\">\n\t\t\t\t\t\t<div class=\"elementor-container elementor-column-gap-default\">\n\t\t\t\t\t<div class=\"elementor-column elementor-col-100 elementor-top-column elementor-element elementor-element-ad1c7ea\" data-id=\"ad1c7ea\" data-element_type=\"column\">\n\t\t\t<div class=\"elementor-widget-wrap elementor-element-populated\">\n\t\t\t\t\t\t<div class=\"elementor-element elementor-element-029b7f4 elementor-widget elementor-widget-text-editor\" data-id=\"029b7f4\" data-element_type=\"widget\" data-widget_type=\"text-editor.default\">\n\t\t\t\t<div class=\"elementor-widget-container\">\n\t\t\t\t\t\t\t\t\t<p><span style=\"font-weight: 400;\"> III Forum Wsp\u00f3\u0142pracy Mi\u0119dzysektorowej! <\/span><\/p><p><span style=\"font-weight: 400;\">Mi\u0142o nam poinformowa\u0107, \u017ce nasza Pani Dyrektor oraz Pani Wicedyrektor wzi\u0119\u0142y udzia\u0142 w III Forum Wsp\u00f3\u0142pracy Mi\u0119dzysektorowej. To by\u0142o niezwykle inspiruj\u0105ce wydarzenie!<\/span><\/p><p><span style=\"font-weight: 400;\">To spotkanie stworzy\u0142o doskona\u0142\u0105 przestrze\u0144 do dialogu mi\u0119dzy edukacj\u0105, samorz\u0105dem i organizacjami pozarz\u0105dowymi. Wymiana do\u015bwiadcze\u0144 i wsp\u00f3\u0142praca na wielu poziomach to fundamenty, na kt\u00f3rych chcemy opiera\u0107 rozw\u00f3j naszej plac\u00f3wki.\u00a0<\/span><\/p><p><span style=\"font-weight: 400;\">Ka\u017cda taka rozmowa i ka\u017cde nowe partnerstwo przybli\u017caj\u0105 nas do najwa\u017cniejszego celu, jakim jest silna wsp\u00f3lnota edukacyjna \u2013 dla naszych uczni\u00f3w, rodzic\u00f3w i nauczycieli.<\/span><\/p><p><span style=\"font-weight: 400;\">Dzi\u0119kujemy Organizatorom<\/span><a href=\"https:\/\/www.facebook.com\/PowiatLegionowski?__cft__[0]=AZVGkMmEEXGc8Xx26lpHhDAQIcYm3NmboSuK0tznMYULYBBBfLnNuQOgxStw1JBCyW_hZJTUrYDgb3FN-ZCfdhcx__A5Nlc812-WHSDrz3kTJsaLntYunYCLYB5eLRVYb6bXQ1Dg4O8xJ3ZQOZyy3HwjrpZuyJuZWUpLrPwZVxLXRiRl9tHWtFwwnqWFCuWPNZQ&amp;__tn__=-]K-R\"> <span style=\"font-weight: 400;\">Powiat Legionowski<\/span><\/a><a href=\"https:\/\/www.facebook.com\/PZSPLegionowoo?__cft__[0]=AZVGkMmEEXGc8Xx26lpHhDAQIcYm3NmboSuK0tznMYULYBBBfLnNuQOgxStw1JBCyW_hZJTUrYDgb3FN-ZCfdhcx__A5Nlc812-WHSDrz3kTJsaLntYunYCLYB5eLRVYb6bXQ1Dg4O8xJ3ZQOZyy3HwjrpZuyJuZWUpLrPwZVxLXRiRl9tHWtFwwnqWFCuWPNZQ&amp;__tn__=-]K-R\"> <span style=\"font-weight: 400;\">PZSP Legionowo<\/span><\/a><a href=\"https:\/\/www.facebook.com\/PCISwL?__cft__[0]=AZVGkMmEEXGc8Xx26lpHhDAQIcYm3NmboSuK0tznMYULYBBBfLnNuQOgxStw1JBCyW_hZJTUrYDgb3FN-ZCfdhcx__A5Nlc812-WHSDrz3kTJsaLntYunYCLYB5eLRVYb6bXQ1Dg4O8xJ3ZQOZyy3HwjrpZuyJuZWUpLrPwZVxLXRiRl9tHWtFwwnqWFCuWPNZQ&amp;__tn__=-]K-R\"> <span style=\"font-weight: 400;\">Powiatowe Centrum Integracji Spo\u0142ecznej w Legionowie<\/span><\/a><a href=\"https:\/\/www.facebook.com\/fundacjakapitalnispolecznie?__cft__[0]=AZVGkMmEEXGc8Xx26lpHhDAQIcYm3NmboSuK0tznMYULYBBBfLnNuQOgxStw1JBCyW_hZJTUrYDgb3FN-ZCfdhcx__A5Nlc812-WHSDrz3kTJsaLntYunYCLYB5eLRVYb6bXQ1Dg4O8xJ3ZQOZyy3HwjrpZuyJuZWUpLrPwZVxLXRiRl9tHWtFwwnqWFCuWPNZQ&amp;__tn__=-]K-R\"> <span style=\"font-weight: 400;\">Fundacja Kapitalni Spo\u0142ecznie<\/span><\/a><span style=\"font-weight: 400;\">\u00a0 za stworzenie przestrzeni do dialogu, co przyczynia si\u0119 do d\u0105\u017cenia do naszego celu: silnej wsp\u00f3lnoty edukacyjnej.<\/span><\/p><p><a href=\"https:\/\/www.facebook.com\/hashtag\/eduspektrum?__eep__=6&amp;__cft__[0]=AZVGkMmEEXGc8Xx26lpHhDAQIcYm3NmboSuK0tznMYULYBBBfLnNuQOgxStw1JBCyW_hZJTUrYDgb3FN-ZCfdhcx__A5Nlc812-WHSDrz3kTJsaLntYunYCLYB5eLRVYb6bXQ1Dg4O8xJ3ZQOZyy3HwjrpZuyJuZWUpLrPwZVxLXRiRl9tHWtFwwnqWFCuWPNZQ&amp;__tn__=*NK-R\"><span style=\"font-weight: 400;\">#Eduspektrum<\/span><\/a><a href=\"https:\/\/www.facebook.com\/hashtag\/forumwsp%C3%B3%C5%82pracymi%C4%99dzysektorowej?__eep__=6&amp;__cft__[0]=AZVGkMmEEXGc8Xx26lpHhDAQIcYm3NmboSuK0tznMYULYBBBfLnNuQOgxStw1JBCyW_hZJTUrYDgb3FN-ZCfdhcx__A5Nlc812-WHSDrz3kTJsaLntYunYCLYB5eLRVYb6bXQ1Dg4O8xJ3ZQOZyy3HwjrpZuyJuZWUpLrPwZVxLXRiRl9tHWtFwwnqWFCuWPNZQ&amp;__tn__=*NK-R\"> <span style=\"font-weight: 400;\">#ForumWsp\u00f3\u0142pracyMi\u0119dzysektorowej<\/span><\/a><a href=\"https:\/\/www.facebook.com\/hashtag\/wsp%C3%B3lnotawedukacji?__eep__=6&amp;__cft__[0]=AZVGkMmEEXGc8Xx26lpHhDAQIcYm3NmboSuK0tznMYULYBBBfLnNuQOgxStw1JBCyW_hZJTUrYDgb3FN-ZCfdhcx__A5Nlc812-WHSDrz3kTJsaLntYunYCLYB5eLRVYb6bXQ1Dg4O8xJ3ZQOZyy3HwjrpZuyJuZWUpLrPwZVxLXRiRl9tHWtFwwnqWFCuWPNZQ&amp;__tn__=*NK-R\"> <span style=\"font-weight: 400;\">#Wsp\u00f3lnotaWEdukacji<\/span><\/a><a href=\"https:\/\/www.facebook.com\/hashtag\/legionowo?__eep__=6&amp;__cft__[0]=AZVGkMmEEXGc8Xx26lpHhDAQIcYm3NmboSuK0tznMYULYBBBfLnNuQOgxStw1JBCyW_hZJTUrYDgb3FN-ZCfdhcx__A5Nlc812-WHSDrz3kTJsaLntYunYCLYB5eLRVYb6bXQ1Dg4O8xJ3ZQOZyy3HwjrpZuyJuZWUpLrPwZVxLXRiRl9tHWtFwwnqWFCuWPNZQ&amp;__tn__=*NK-R\"> <span style=\"font-weight: 400;\">#Legionowo<\/span><\/a><a href=\"https:\/\/www.facebook.com\/hashtag\/poczytalnialegionowo?__eep__=6&amp;__cft__[0]=AZVGkMmEEXGc8Xx26lpHhDAQIcYm3NmboSuK0tznMYULYBBBfLnNuQOgxStw1JBCyW_hZJTUrYDgb3FN-ZCfdhcx__A5Nlc812-WHSDrz3kTJsaLntYunYCLYB5eLRVYb6bXQ1Dg4O8xJ3ZQOZyy3HwjrpZuyJuZWUpLrPwZVxLXRiRl9tHWtFwwnqWFCuWPNZQ&amp;__tn__=*NK-R\"> <span style=\"font-weight: 400;\">#PoczytalniaLegionowo<\/span><\/a><a href=\"https:\/\/www.facebook.com\/hashtag\/miastolegionowo?__eep__=6&amp;__cft__[0]=AZVGkMmEEXGc8Xx26lpHhDAQIcYm3NmboSuK0tznMYULYBBBfLnNuQOgxStw1JBCyW_hZJTUrYDgb3FN-ZCfdhcx__A5Nlc812-WHSDrz3kTJsaLntYunYCLYB5eLRVYb6bXQ1Dg4O8xJ3ZQOZyy3HwjrpZuyJuZWUpLrPwZVxLXRiRl9tHWtFwwnqWFCuWPNZQ&amp;__tn__=*NK-R\"> <span style=\"font-weight: 400;\">#miastolegionowo<\/span><\/a><a href=\"https:\/\/www.facebook.com\/hashtag\/powiatlegionowski?__eep__=6&amp;__cft__[0]=AZVGkMmEEXGc8Xx26lpHhDAQIcYm3NmboSuK0tznMYULYBBBfLnNuQOgxStw1JBCyW_hZJTUrYDgb3FN-ZCfdhcx__A5Nlc812-WHSDrz3kTJsaLntYunYCLYB5eLRVYb6bXQ1Dg4O8xJ3ZQOZyy3HwjrpZuyJuZWUpLrPwZVxLXRiRl9tHWtFwwnqWFCuWPNZQ&amp;__tn__=*NK-R\"> <span style=\"font-weight: 400;\">#powiatlegionowski<\/span><\/a><\/p><p><br \/><br \/><\/p>\t\t\t\t\t\t\t\t<\/div>\n\t\t\t\t<\/div>\n\t\t\t\t\t<\/div>\n\t\t<\/div>\n\t\t\t\t\t<\/div>\n\t\t<\/section>\n\t\t\t\t<section class=\"elementor-section elementor-top-section elementor-element elementor-element-2775c87 elementor-section-boxed elementor-section-height-default elementor-section-height-default\" data-id=\"2775c87\" data-element_type=\"section\" data-settings=\"{&quot;_ha_eqh_enable&quot;:false}\">\n\t\t\t\t\t\t<div class=\"elementor-container elementor-column-gap-default\">\n\t\t\t\t\t<div class=\"elementor-column elementor-col-100 elementor-top-column elementor-element elementor-element-a7ff570\" data-id=\"a7ff570\" data-element_type=\"column\">\n\t\t\t<div class=\"elementor-widget-wrap elementor-element-populated\">\n\t\t\t\t\t\t<div class=\"elementor-element elementor-element-e61060f elementor-widget elementor-widget-image\" data-id=\"e61060f\" data-element_type=\"widget\" data-widget_type=\"image.default\">\n\t\t\t\t<div class=\"elementor-widget-container\">\n\t\t\t\t\t\t\t\t\t\t\t\t\t\t\t<img fetchpriority=\"high\" decoding=\"async\" width=\"768\" height=\"747\" src=\"https:\/\/eduspektrum.pl\/wp-content\/uploads\/2025\/12\/588613240_18033838214717594_8603775902813990647_n-768x747.jpg\" class=\"attachment-medium_large size-medium_large wp-image-3857\" alt=\"\" srcset=\"https:\/\/eduspektrum.pl\/wp-content\/uploads\/2025\/12\/588613240_18033838214717594_8603775902813990647_n-768x747.jpg 768w, https:\/\/eduspektrum.pl\/wp-content\/uploads\/2025\/12\/588613240_18033838214717594_8603775902813990647_n-300x292.jpg 300w, https:\/\/eduspektrum.pl\/wp-content\/uploads\/2025\/12\/588613240_18033838214717594_8603775902813990647_n-1024x996.jpg 1024w, https:\/\/eduspektrum.pl\/wp-content\/uploads\/2025\/12\/588613240_18033838214717594_8603775902813990647_n-600x583.jpg 600w, https:\/\/eduspektrum.pl\/wp-content\/uploads\/2025\/12\/588613240_18033838214717594_8603775902813990647_n.jpg 1440w\" sizes=\"(max-width: 768px) 100vw, 768px\" \/>\t\t\t\t\t\t\t\t\t\t\t\t\t\t\t<\/div>\n\t\t\t\t<\/div>\n\t\t\t\t\t<\/div>\n\t\t<\/div>\n\t\t\t\t\t<\/div>\n\t\t<\/section>\n\t\t\t\t<\/div>\n\t\t","protected":false},"excerpt":{"rendered":"<p>III Forum Wsp\u00f3\u0142pracy Mi\u0119dzysektorowej! Mi\u0142o nam poinformowa\u0107, \u017ce nasza Pani Dyrektor oraz Pani Wicedyrektor wzi\u0119\u0142y udzia\u0142 w III Forum Wsp\u00f3\u0142pracy Mi\u0119dzysektorowej. To by\u0142o niezwykle inspiruj\u0105ce wydarzenie! To spotkanie stworzy\u0142o doskona\u0142\u0105 przestrze\u0144 do dialogu mi\u0119dzy edukacj\u0105, samorz\u0105dem i organizacjami pozarz\u0105dowymi. Wymiana do\u015bwiadcze\u0144 i wsp\u00f3\u0142praca na wielu poziomach to fundamenty, na kt\u00f3rych chcemy opiera\u0107 rozw\u00f3j naszej plac\u00f3wki.\u00a0 [&hellip;]<\/p>\n","protected":false},"author":1,"featured_media":0,"comment_status":"closed","ping_status":"open","sticky":false,"template":"elementor_header_footer","format":"standard","meta":{"footnotes":""},"categories":[1],"tags":[],"class_list":["post-3855","post","type-post","status-publish","format-standard","hentry","category-kadra"],"_links":{"self":[{"href":"https:\/\/eduspektrum.pl\/index.php\/wp-json\/wp\/v2\/posts\/3855","targetHints":{"allow":["GET"]}}],"collection":[{"href":"https:\/\/eduspektrum.pl\/index.php\/wp-json\/wp\/v2\/posts"}],"about":[{"href":"https:\/\/eduspektrum.pl\/index.php\/wp-json\/wp\/v2\/types\/post"}],"author":[{"embeddable":true,"href":"https:\/\/eduspektrum.pl\/index.php\/wp-json\/wp\/v2\/users\/1"}],"replies":[{"embeddable":true,"href":"https:\/\/eduspektrum.pl\/index.php\/wp-json\/wp\/v2\/comments?post=3855"}],"version-history":[{"count":4,"href":"https:\/\/eduspektrum.pl\/index.php\/wp-json\/wp\/v2\/posts\/3855\/revisions"}],"predecessor-version":[{"id":3860,"href":"https:\/\/eduspektrum.pl\/index.php\/wp-json\/wp\/v2\/posts\/3855\/revisions\/3860"}],"wp:attachment":[{"href":"https:\/\/eduspektrum.pl\/index.php\/wp-json\/wp\/v2\/media?parent=3855"}],"wp:term":[{"taxonomy":"category","embeddable":true,"href":"https:\/\/eduspektrum.pl\/index.php\/wp-json\/wp\/v2\/categories?post=3855"},{"taxonomy":"post_tag","embeddable":true,"href":"https:\/\/eduspektrum.pl\/index.php\/wp-json\/wp\/v2\/tags?post=3855"}],"curies":[{"name":"wp","href":"https:\/\/api.w.org\/{rel}","templated":true}]}}