{"id":4289,"date":"2026-03-18T08:41:04","date_gmt":"2026-03-18T08:41:04","guid":{"rendered":"https:\/\/eduspektrum.pl\/?p=4289"},"modified":"2026-03-18T08:43:01","modified_gmt":"2026-03-18T08:43:01","slug":"slodka-wycieczka-klasy-5-do-warszawy","status":"publish","type":"post","link":"https:\/\/eduspektrum.pl\/index.php\/2026\/03\/18\/slodka-wycieczka-klasy-5-do-warszawy\/","title":{"rendered":"S\u0142odka wycieczka klasy 5 do Warszawy!"},"content":{"rendered":"\t\t<div data-elementor-type=\"wp-post\" data-elementor-id=\"4289\" class=\"elementor elementor-4289\" data-elementor-settings=\"{&quot;ha_cmc_init_switcher&quot;:&quot;no&quot;}\">\n\t\t\t\t\t\t<section class=\"elementor-section elementor-top-section elementor-element elementor-element-f8edc38 elementor-section-boxed elementor-section-height-default elementor-section-height-default\" data-id=\"f8edc38\" data-element_type=\"section\" data-settings=\"{&quot;_ha_eqh_enable&quot;:false}\">\n\t\t\t\t\t\t<div class=\"elementor-container elementor-column-gap-default\">\n\t\t\t\t\t<div class=\"elementor-column elementor-col-100 elementor-top-column elementor-element elementor-element-b3d07a4\" data-id=\"b3d07a4\" data-element_type=\"column\">\n\t\t\t<div class=\"elementor-widget-wrap elementor-element-populated\">\n\t\t\t\t\t\t<div class=\"elementor-element elementor-element-5df0c7b elementor-widget elementor-widget-text-editor\" data-id=\"5df0c7b\" data-element_type=\"widget\" data-widget_type=\"text-editor.default\">\n\t\t\t\t<div class=\"elementor-widget-container\">\n\t\t\t\t\t\t\t\t\t<p>W czwartek klasa wybra\u0142a si\u0119 na wycieczk\u0119 do warszawskiej Manufaktury Cukierk\u00f3w.<\/p><p><br \/>Podczas wizyty uczniowie wzi\u0119li udzia\u0142 w warsztatach, gdzie mogli zobaczy\u0107, jak w prawdziwej manufakturze powstaj\u0105 cukierki i lizaki \u2013 od gor\u0105cej masy cukrowej a\u017c po gotowe, kolorowe s\u0142odycze!<br \/>Szczeg\u00f3lnie ciekawa by\u0142a informacja o naturalnych barwnikach. Uczniowie dowiedzieli si\u0119, \u017ce intensywne kolory cukierk\u00f3w mog\u0105 pochodzi\u0107 z naturalnych sk\u0142adnik\u00f3w, takich jak owoce czy ro\u015bliny, dzi\u0119ki czemu s\u0142odycze powstaj\u0105 bez dodatku sztucznych barwnik\u00f3w. Najwi\u0119ksz\u0105 atrakcj\u0105 by\u0142o oczywi\u015bcie w\u0142asnor\u0119czne wykonanie lizaka, kt\u00f3ry ka\u017cdy m\u00f3g\u0142 zabra\u0107 ze sob\u0105.<br \/><br \/>Aby jednak nie by\u0142o tylko tak s\u0142odko, zadbali\u015bmy te\u017c o ruch \u2013 podczas spacer\u00f3w po<br \/>Warszawie zrobili\u015bmy prawie 10 000 krok\u00f3w!<\/p><p><br \/>#manufakturacukierk\u00f3w #klasa5 #eduspektrum #wycieczka<\/p>\t\t\t\t\t\t\t\t<\/div>\n\t\t\t\t<\/div>\n\t\t\t\t\t<\/div>\n\t\t<\/div>\n\t\t\t\t\t<\/div>\n\t\t<\/section>\n\t\t\t\t<section class=\"elementor-section elementor-top-section elementor-element elementor-element-cf277dd elementor-section-boxed elementor-section-height-default elementor-section-height-default\" data-id=\"cf277dd\" data-element_type=\"section\" data-settings=\"{&quot;_ha_eqh_enable&quot;:false}\">\n\t\t\t\t\t\t<div class=\"elementor-container elementor-column-gap-default\">\n\t\t\t\t\t<div class=\"elementor-column elementor-col-100 elementor-top-column elementor-element elementor-element-28dca09\" data-id=\"28dca09\" data-element_type=\"column\">\n\t\t\t<div class=\"elementor-widget-wrap elementor-element-populated\">\n\t\t\t\t\t\t<div class=\"elementor-element elementor-element-7241d69 elementor-widget elementor-widget-image\" data-id=\"7241d69\" data-element_type=\"widget\" data-widget_type=\"image.default\">\n\t\t\t\t<div class=\"elementor-widget-container\">\n\t\t\t\t\t\t\t\t\t\t\t\t\t\t\t<img fetchpriority=\"high\" decoding=\"async\" width=\"768\" height=\"576\" src=\"https:\/\/eduspektrum.pl\/wp-content\/uploads\/2026\/03\/650241414_18044963825717594_8135467335795586943_n-768x576.jpg\" class=\"attachment-medium_large size-medium_large wp-image-4291\" alt=\"\" srcset=\"https:\/\/eduspektrum.pl\/wp-content\/uploads\/2026\/03\/650241414_18044963825717594_8135467335795586943_n-768x576.jpg 768w, https:\/\/eduspektrum.pl\/wp-content\/uploads\/2026\/03\/650241414_18044963825717594_8135467335795586943_n-300x225.jpg 300w, https:\/\/eduspektrum.pl\/wp-content\/uploads\/2026\/03\/650241414_18044963825717594_8135467335795586943_n-1024x768.jpg 1024w, https:\/\/eduspektrum.pl\/wp-content\/uploads\/2026\/03\/650241414_18044963825717594_8135467335795586943_n-600x450.jpg 600w, https:\/\/eduspektrum.pl\/wp-content\/uploads\/2026\/03\/650241414_18044963825717594_8135467335795586943_n.jpg 1440w\" sizes=\"(max-width: 768px) 100vw, 768px\" \/>\t\t\t\t\t\t\t\t\t\t\t\t\t\t\t<\/div>\n\t\t\t\t<\/div>\n\t\t\t\t\t<\/div>\n\t\t<\/div>\n\t\t\t\t\t<\/div>\n\t\t<\/section>\n\t\t\t\t<\/div>\n\t\t","protected":false},"excerpt":{"rendered":"<p>W czwartek klasa wybra\u0142a si\u0119 na wycieczk\u0119 do warszawskiej Manufaktury Cukierk\u00f3w. Podczas wizyty uczniowie wzi\u0119li udzia\u0142 w warsztatach, gdzie mogli zobaczy\u0107, jak w prawdziwej manufakturze powstaj\u0105 cukierki i lizaki \u2013 od gor\u0105cej masy cukrowej a\u017c po gotowe, kolorowe s\u0142odycze!Szczeg\u00f3lnie ciekawa by\u0142a informacja o naturalnych barwnikach. Uczniowie dowiedzieli si\u0119, \u017ce intensywne kolory cukierk\u00f3w mog\u0105 pochodzi\u0107 z [&hellip;]<\/p>\n","protected":false},"author":1,"featured_media":0,"comment_status":"closed","ping_status":"open","sticky":false,"template":"","format":"standard","meta":{"footnotes":""},"categories":[1],"tags":[],"class_list":["post-4289","post","type-post","status-publish","format-standard","hentry","category-kadra"],"_links":{"self":[{"href":"https:\/\/eduspektrum.pl\/index.php\/wp-json\/wp\/v2\/posts\/4289","targetHints":{"allow":["GET"]}}],"collection":[{"href":"https:\/\/eduspektrum.pl\/index.php\/wp-json\/wp\/v2\/posts"}],"about":[{"href":"https:\/\/eduspektrum.pl\/index.php\/wp-json\/wp\/v2\/types\/post"}],"author":[{"embeddable":true,"href":"https:\/\/eduspektrum.pl\/index.php\/wp-json\/wp\/v2\/users\/1"}],"replies":[{"embeddable":true,"href":"https:\/\/eduspektrum.pl\/index.php\/wp-json\/wp\/v2\/comments?post=4289"}],"version-history":[{"count":4,"href":"https:\/\/eduspektrum.pl\/index.php\/wp-json\/wp\/v2\/posts\/4289\/revisions"}],"predecessor-version":[{"id":4294,"href":"https:\/\/eduspektrum.pl\/index.php\/wp-json\/wp\/v2\/posts\/4289\/revisions\/4294"}],"wp:attachment":[{"href":"https:\/\/eduspektrum.pl\/index.php\/wp-json\/wp\/v2\/media?parent=4289"}],"wp:term":[{"taxonomy":"category","embeddable":true,"href":"https:\/\/eduspektrum.pl\/index.php\/wp-json\/wp\/v2\/categories?post=4289"},{"taxonomy":"post_tag","embeddable":true,"href":"https:\/\/eduspektrum.pl\/index.php\/wp-json\/wp\/v2\/tags?post=4289"}],"curies":[{"name":"wp","href":"https:\/\/api.w.org\/{rel}","templated":true}]}}