{"id":4295,"date":"2026-03-18T08:43:20","date_gmt":"2026-03-18T08:43:20","guid":{"rendered":"https:\/\/eduspektrum.pl\/?p=4295"},"modified":"2026-03-18T08:44:50","modified_gmt":"2026-03-18T08:44:50","slug":"muzeum-powstania-warszawskiego","status":"publish","type":"post","link":"https:\/\/eduspektrum.pl\/index.php\/2026\/03\/18\/muzeum-powstania-warszawskiego\/","title":{"rendered":"Muzeum Powstania Warszawskiego"},"content":{"rendered":"\t\t<div data-elementor-type=\"wp-post\" data-elementor-id=\"4295\" class=\"elementor elementor-4295\" data-elementor-settings=\"{&quot;ha_cmc_init_switcher&quot;:&quot;no&quot;}\">\n\t\t\t\t\t\t<section class=\"elementor-section elementor-top-section elementor-element elementor-element-38a8568 elementor-section-boxed elementor-section-height-default elementor-section-height-default\" data-id=\"38a8568\" data-element_type=\"section\" data-settings=\"{&quot;_ha_eqh_enable&quot;:false}\">\n\t\t\t\t\t\t<div class=\"elementor-container elementor-column-gap-default\">\n\t\t\t\t\t<div class=\"elementor-column elementor-col-100 elementor-top-column elementor-element elementor-element-a9908a8\" data-id=\"a9908a8\" data-element_type=\"column\">\n\t\t\t<div class=\"elementor-widget-wrap elementor-element-populated\">\n\t\t\t\t\t\t<div class=\"elementor-element elementor-element-dadb60c elementor-widget elementor-widget-text-editor\" data-id=\"dadb60c\" data-element_type=\"widget\" data-widget_type=\"text-editor.default\">\n\t\t\t\t<div class=\"elementor-widget-container\">\n\t\t\t\t\t\t\t\t\t<p data-start=\"0\" data-end=\"275\">Dzisiejszy dzie\u0144 by\u0142 dla naszych trzecioklasist\u00f3w wyj\u0105tkow\u0105 lekcj\u0105 empatii i historii, gdy\u017c to w\u0142a\u015bnie dzi\u015b klasa odwiedzi\u0142a Muzeum Powstania Warszawskiego, by wzi\u0105\u0107 udzia\u0142 w zwiedzaniu oraz specjalnych zaj\u0119ciach po\u015bwi\u0119conych lekturze \u201eAsiunia\u201d autorstwa Joanny Papuzi\u0144skiej.<\/p><p data-start=\"277\" data-end=\"432\">Ta poruszaj\u0105ca wycieczka by\u0142a zwie\u0144czeniem pracy z tekstem oraz wsp\u00f3lnym podsumowaniem trudnego \u2013 nie tylko dla dzieci, ale i dla doros\u0142ych \u2013 tematu wojny.<\/p><p data-start=\"434\" data-end=\"573\">Dzi\u0119ki muzealnej lekcji historia ma\u0142ej Joasi sta\u0142a si\u0119 dla uczni\u00f3w jeszcze bli\u017csza, a zrozumienie los\u00f3w dzieci w czasie okupacji \u2013 g\u0142\u0119bsze.<\/p><p data-start=\"575\" data-end=\"599\">Wsp\u00f3\u0142praca mi\u0119dzyklasowa<\/p><p data-start=\"601\" data-end=\"690\">Warto podkre\u015bli\u0107, \u017ce do tej wizyty uczniowie przygotowywali si\u0119 ju\u017c od pocz\u0105tku tygodnia!<\/p><p data-start=\"692\" data-end=\"858\">W poniedzia\u0142ek \u2013 9 marca go\u015bcili\u015bmy w sali klasy trzeciej starszych koleg\u00f3w z klasy, kt\u00f3rzy przeprowadzili profesjonalne wprowadzenie do tematu o II wojnie \u015bwiatowej.<\/p><p data-start=\"860\" data-end=\"979\">To wspania\u0142e widzie\u0107, jak nasi uczniowie potrafi\u0105 dzieli\u0107 si\u0119 wiedz\u0105 i wspiera\u0107 si\u0119 w zg\u0142\u0119bianiu tak wa\u017cnych zagadnie\u0144.<\/p><p data-start=\"981\" data-end=\"1050\">Brawo dla klasy za dojrza\u0142o\u015b\u0107 i skupienie podczas dzisiejszych zaj\u0119\u0107!<\/p><p data-start=\"1052\" data-end=\"1133\" data-is-last-node=\"\" data-is-only-node=\"\">#EduSpektrum #Szko\u0142aZPasj\u0105 #MuzeumPowstaniaWarszawskiego #Asiunia #lekcjahistorii<\/p>\t\t\t\t\t\t\t\t<\/div>\n\t\t\t\t<\/div>\n\t\t\t\t\t<\/div>\n\t\t<\/div>\n\t\t\t\t\t<\/div>\n\t\t<\/section>\n\t\t\t\t<section class=\"elementor-section elementor-top-section elementor-element elementor-element-4fc1578 elementor-section-boxed elementor-section-height-default elementor-section-height-default\" data-id=\"4fc1578\" data-element_type=\"section\" data-settings=\"{&quot;_ha_eqh_enable&quot;:false}\">\n\t\t\t\t\t\t<div class=\"elementor-container elementor-column-gap-default\">\n\t\t\t\t\t<div class=\"elementor-column elementor-col-100 elementor-top-column elementor-element elementor-element-ee9fa7b\" data-id=\"ee9fa7b\" data-element_type=\"column\">\n\t\t\t<div class=\"elementor-widget-wrap elementor-element-populated\">\n\t\t\t\t\t\t<div class=\"elementor-element elementor-element-39cf7f4 elementor-widget elementor-widget-image-gallery\" data-id=\"39cf7f4\" data-element_type=\"widget\" data-widget_type=\"image-gallery.default\">\n\t\t\t\t<div class=\"elementor-widget-container\">\n\t\t\t\t\t\t\t<div class=\"elementor-image-gallery\">\n\t\t\t<div id='gallery-1' class='gallery galleryid-4295 gallery-columns-4 gallery-size-thumbnail'><figure class='gallery-item'>\n\t\t\t<div class='gallery-icon portrait'>\n\t\t\t\t<a data-elementor-open-lightbox=\"yes\" data-elementor-lightbox-slideshow=\"39cf7f4\" data-elementor-lightbox-title=\"651010626_18044981339717594_7579884329656274354_n\" data-e-action-hash=\"#elementor-action%3Aaction%3Dlightbox%26settings%3DeyJpZCI6NDI5OSwidXJsIjoiaHR0cHM6XC9cL2VkdXNwZWt0cnVtLnBsXC93cC1jb250ZW50XC91cGxvYWRzXC8yMDI2XC8wM1wvNjUxMDEwNjI2XzE4MDQ0OTgxMzM5NzE3NTk0Xzc1Nzk4ODQzMjk2NTYyNzQzNTRfbi5qcGciLCJzbGlkZXNob3ciOiIzOWNmN2Y0In0%3D\" href='https:\/\/eduspektrum.pl\/wp-content\/uploads\/2026\/03\/651010626_18044981339717594_7579884329656274354_n.jpg'><img decoding=\"async\" width=\"150\" height=\"150\" src=\"https:\/\/eduspektrum.pl\/wp-content\/uploads\/2026\/03\/651010626_18044981339717594_7579884329656274354_n-150x150.jpg\" class=\"attachment-thumbnail size-thumbnail\" alt=\"\" srcset=\"https:\/\/eduspektrum.pl\/wp-content\/uploads\/2026\/03\/651010626_18044981339717594_7579884329656274354_n-150x150.jpg 150w, https:\/\/eduspektrum.pl\/wp-content\/uploads\/2026\/03\/651010626_18044981339717594_7579884329656274354_n-300x300.jpg 300w, https:\/\/eduspektrum.pl\/wp-content\/uploads\/2026\/03\/651010626_18044981339717594_7579884329656274354_n-100x100.jpg 100w\" sizes=\"(max-width: 150px) 100vw, 150px\" \/><\/a>\n\t\t\t<\/div><\/figure><figure class='gallery-item'>\n\t\t\t<div class='gallery-icon landscape'>\n\t\t\t\t<a data-elementor-open-lightbox=\"yes\" data-elementor-lightbox-slideshow=\"39cf7f4\" data-elementor-lightbox-title=\"650355660_18044981513717594_2007915025411054032_n\" data-e-action-hash=\"#elementor-action%3Aaction%3Dlightbox%26settings%3DeyJpZCI6NDI5OCwidXJsIjoiaHR0cHM6XC9cL2VkdXNwZWt0cnVtLnBsXC93cC1jb250ZW50XC91cGxvYWRzXC8yMDI2XC8wM1wvNjUwMzU1NjYwXzE4MDQ0OTgxNTEzNzE3NTk0XzIwMDc5MTUwMjU0MTEwNTQwMzJfbi0xLmpwZyIsInNsaWRlc2hvdyI6IjM5Y2Y3ZjQifQ%3D%3D\" href='https:\/\/eduspektrum.pl\/wp-content\/uploads\/2026\/03\/650355660_18044981513717594_2007915025411054032_n-1.jpg'><img decoding=\"async\" width=\"150\" height=\"150\" src=\"https:\/\/eduspektrum.pl\/wp-content\/uploads\/2026\/03\/650355660_18044981513717594_2007915025411054032_n-1-150x150.jpg\" class=\"attachment-thumbnail size-thumbnail\" alt=\"\" srcset=\"https:\/\/eduspektrum.pl\/wp-content\/uploads\/2026\/03\/650355660_18044981513717594_2007915025411054032_n-1-150x150.jpg 150w, https:\/\/eduspektrum.pl\/wp-content\/uploads\/2026\/03\/650355660_18044981513717594_2007915025411054032_n-1-300x300.jpg 300w, https:\/\/eduspektrum.pl\/wp-content\/uploads\/2026\/03\/650355660_18044981513717594_2007915025411054032_n-1-100x100.jpg 100w\" sizes=\"(max-width: 150px) 100vw, 150px\" \/><\/a>\n\t\t\t<\/div><\/figure>\n\t\t<\/div>\n\t\t<\/div>\n\t\t\t\t\t\t<\/div>\n\t\t\t\t<\/div>\n\t\t\t\t\t<\/div>\n\t\t<\/div>\n\t\t\t\t\t<\/div>\n\t\t<\/section>\n\t\t\t\t<\/div>\n\t\t","protected":false},"excerpt":{"rendered":"<p>Dzisiejszy dzie\u0144 by\u0142 dla naszych trzecioklasist\u00f3w wyj\u0105tkow\u0105 lekcj\u0105 empatii i historii, gdy\u017c to w\u0142a\u015bnie dzi\u015b klasa odwiedzi\u0142a Muzeum Powstania Warszawskiego, by wzi\u0105\u0107 udzia\u0142 w zwiedzaniu oraz specjalnych zaj\u0119ciach po\u015bwi\u0119conych lekturze \u201eAsiunia\u201d autorstwa Joanny Papuzi\u0144skiej. Ta poruszaj\u0105ca wycieczka by\u0142a zwie\u0144czeniem pracy z tekstem oraz wsp\u00f3lnym podsumowaniem trudnego \u2013 nie tylko dla dzieci, ale i dla doros\u0142ych [&hellip;]<\/p>\n","protected":false},"author":1,"featured_media":0,"comment_status":"closed","ping_status":"open","sticky":false,"template":"","format":"standard","meta":{"footnotes":""},"categories":[1],"tags":[],"class_list":["post-4295","post","type-post","status-publish","format-standard","hentry","category-kadra"],"_links":{"self":[{"href":"https:\/\/eduspektrum.pl\/index.php\/wp-json\/wp\/v2\/posts\/4295","targetHints":{"allow":["GET"]}}],"collection":[{"href":"https:\/\/eduspektrum.pl\/index.php\/wp-json\/wp\/v2\/posts"}],"about":[{"href":"https:\/\/eduspektrum.pl\/index.php\/wp-json\/wp\/v2\/types\/post"}],"author":[{"embeddable":true,"href":"https:\/\/eduspektrum.pl\/index.php\/wp-json\/wp\/v2\/users\/1"}],"replies":[{"embeddable":true,"href":"https:\/\/eduspektrum.pl\/index.php\/wp-json\/wp\/v2\/comments?post=4295"}],"version-history":[{"count":4,"href":"https:\/\/eduspektrum.pl\/index.php\/wp-json\/wp\/v2\/posts\/4295\/revisions"}],"predecessor-version":[{"id":4302,"href":"https:\/\/eduspektrum.pl\/index.php\/wp-json\/wp\/v2\/posts\/4295\/revisions\/4302"}],"wp:attachment":[{"href":"https:\/\/eduspektrum.pl\/index.php\/wp-json\/wp\/v2\/media?parent=4295"}],"wp:term":[{"taxonomy":"category","embeddable":true,"href":"https:\/\/eduspektrum.pl\/index.php\/wp-json\/wp\/v2\/categories?post=4295"},{"taxonomy":"post_tag","embeddable":true,"href":"https:\/\/eduspektrum.pl\/index.php\/wp-json\/wp\/v2\/tags?post=4295"}],"curies":[{"name":"wp","href":"https:\/\/api.w.org\/{rel}","templated":true}]}}